{"id":1083,"date":"2019-08-12T12:50:00","date_gmt":"2019-08-12T12:50:00","guid":{"rendered":"https:\/\/the-light.ro\/?p=1083"},"modified":"2020-12-21T12:52:09","modified_gmt":"2020-12-21T12:52:09","slug":"the-light-un-nou-concept-de-living-si-office-in-cartierul-central-vestic-al-capitalei","status":"publish","type":"post","link":"https:\/\/the-light.ro\/ro\/the-light-un-nou-concept-de-living-si-office-in-cartierul-central-vestic-al-capitalei\/","title":{"rendered":"THE LIGHT, un nou concept de living \u0219i office \u00een cartierul central-vestic al capitalei"},"content":{"rendered":"<p>Proiectul The Light este &nbsp;un reper de calitate situat \u00een noul cartier de afaceri central-vestic al Bucure\u0219tiului, fiind dedicat companiilor dinamice,&nbsp;cu o capacitate de 141.126 mp (suprafa\u021b\u0103 total\u0103 construit\u0103), va oferi trei cl\u0103diri de birouri &nbsp;\u0219i un complex reziden\u021bial cu 196 de apartamente precum \u0219i spa\u021bii verzi, spa\u021bii de relaxare \u0219i locuri de joac\u0103 pentru copii, o zon\u0103 pentru retail, o zon\u0103 de 2,000 metri p\u0103tra\u021bi alocat\u0103 facilit\u0103\u021bilor de well-being&nbsp;&nbsp;(fitness \u0219i spa) \u0219i, nu \u00een ultimul r\u00e2nd, lifturi care asigur\u0103 accesul direct \u00een apartament. Cl\u0103direa The Light One este singura din Rom\u00e2nia prev\u0103zut\u0103 cu un ecran LED transparent care \u00eenglobeaz\u0103 o tehnologie de ultim\u0103 genera\u021bie \u00een ceea ce prive\u0219te panotajul stradal.<\/p>\n\n\n\n<p><strong>\u201dCONSUMATORII SUNT MAI DEGRAB\u0102 ATRA\u0218I AST\u0102ZI DE EXPERIEN\u021aE, NU DOAR DE IDEEA DE BRAND. PENTRU NOI, CL\u0102DIRILE NU MAI REPREZINT\u0102 DOAR UN LOC \u00ceN CARE MUNCIM SAU TR\u0102IM, CI ELE DEVIN EXPERIEN\u021aE \u00ceN SINE\u201d \u2013&nbsp;SORIN VI\u0218OIANU, CEO RIVER DEVELOPMENT<\/strong><\/p>\n\n\n\n<h1 class=\"wp-block-heading\">1. PRIN CE SE DISTINGE THE LIGHT ONE?<\/h1>\n\n\n\n<p><strong>\u201dMIXUL OPTIM DE FUNC\u021aIONALIT\u0102\u021aI PENTRU ACTIVIT\u0102\u021aI COTIDIENE \u00ceN BUSINESS, DESIGNUL MODERN \u0218I MINIMALIST AL \u00ceNTREGULUI ANSAMBLU, EFICIEN\u021aA COSTURILOR \u0218I CONCEPTUL DE GREEN BUILDING. AVEM UNUL DINTRE CELE MAI SC\u0102ZUTE NIVELURI DE ADD-ON FACTOR DIN PIA\u021a\u0102, DE DOAR 5%, SPA\u021aIILE NETE \u00ceNCHIRIABILE FIIND MATERIALIZATE LA MAXIM\u201d, COMPLETEAZ\u0102&nbsp;SORIN VI\u0218OIANU.<\/strong><\/p>\n\n\n\n<p>Cl\u0103direa beneficiaz\u0103 de un perete-cortin\u0103 g\u00e2ndit at\u00e2t pentru design \u0219i estetic\u0103, dar \u0219i pentru func\u021bionalitate, asigur\u00e2nd un nivel crescut al filtr\u0103rii luminii solare la interior, precum \u0219i un control pasiv al temperaturii.<\/p>\n\n\n\n<p>The Light One, prima cl\u0103dire, este plasat\u0103 pe o zon\u0103 mai \u00eenalt\u0103 dec\u00e2t restul cl\u0103dirilor din zon\u0103, beneficiind de o vizibilitate crescut\u0103, dar \u0219i despre faptul c\u0103 spa\u021biile de birouri sunt complet vitrate \u0219i ofer\u0103 un maxim de lumin\u0103 natural\u0103.<\/p>\n\n\n\n<h1 class=\"wp-block-heading\">2. CARE ESTE CONCEPTUL \u00ceN REALIZAREA PRIMEI CL\u0102DIRI? DE CE S-A ALES NUMELE \u201dTHE LIGHT\u201d?<\/h1>\n\n\n\n<p>\u201eThe Light\u201d nu este doar un nume de proiect, ci o misiune. Dorim s\u0103 transform\u0103m proiectul The Light \u00eentr-un far al inova\u021biei. Dac\u0103 mergem \u00eentr-o zon\u0103 mai metaforic\u0103, ne putem g\u00e2ndi chiar la o paralel\u0103 \u00eentre lumin\u0103 \u0219i atributele comunit\u0103\u021bii academice din Universitatea Politehnica (aflat\u0103 \u00een apropierea cl\u0103dirii) care graviteaz\u0103 \u00een jurul gener\u0103rii de idei creative.&nbsp;<\/p>\n\n\n\n<h1 class=\"wp-block-heading\">3. CU CINE A\u021aI LUCRAT PENTRU REALIZAREA FA\u021aADELOR \u0218I CE SISTEME AU FOST ALESE?<\/h1>\n\n\n\n<p>Pentru realizarea fa\u021badei, am folosit sistemul de perete-cortin\u0103 structural produs de Reynaers, av\u00e2nd o garan\u021bie de la produc\u0103tor de 10 ani pentru performan\u021be de etan\u0219are \u0219i permeabilitate. Sistemul de tip \u201eStructural clamp\u201d fixeaz\u0103 sticla uniform pe tot conturul acesteia, reduc\u00e2nd astfel deformarea pachetului de sticl\u0103.&nbsp;<\/p>\n\n\n\n<p>Ce merit\u0103 men\u021bionat este c\u0103&nbsp;<a href=\"https:\/\/revistasticlei.ro\/interviu-despre-suprafete-vitrate-mari-si-eficienta-energetica\/\">fa\u021bada cl\u0103dirii este una din pu\u021binele din Rom\u00e2nia<\/a>&nbsp;care a beneficiat de testare la scar\u0103 real\u0103 pentru infiltra\u021bii (aer \u2013 ap\u0103 \u2013 v\u00e2nt) \u2013 un test efectuat de Reynaers Technology Centre, \u00een Belgia, unul din cele mai avansate centre de testare pentru ferestre, u\u0219i \u0219i pere\u021bi-cortin\u0103. Testele certific\u0103 o etan\u0219are a fa\u021badei la ap\u0103 de 1.050 Pa, echivalentul unui v\u00e2nt de 150 km\/h, precum \u0219i rezisten\u021b\u0103 la v\u00e2nt cu rafale de p\u00e2n\u0103 la 220 km\/h.&nbsp;&nbsp;<\/p>\n\n\n\n<h1 class=\"wp-block-heading\">4. CINE ESTE FURNIZORUL DE STICL\u0102 \u0218I CE TIP DE STICL\u0102 A FOST FOLOSIT?<\/h1>\n\n\n\n<p>Sticla utilizat\u0103 este CoolLite Xtreme II, produs\u0103 de Saint-Gobain, o sticl\u0103 securizat\u0103 \u0219i serigrafiat\u0103, The Light One av\u00e2nd o suprafa\u021b\u0103 vitrat\u0103 total\u0103 de 10.000 mp. Utilizarea alternant\u0103 a f\u00e2\u0219iilor serigrafiate \u0219i a sticlei clare pe acela\u0219i panou are nu numai rol estetic, ci \u0219i func\u021bional. Aceasta asigur\u0103 at\u00e2t filtrarea luminii solare c\u0103tre interior, c\u00e2t \u0219i un control pasiv al temperaturii acumulate \u00een planul fa\u021badei \u0219i degajate de ea. Sticla interioar\u0103 a fost par\u021bial serigrafiat\u0103 pentru a se ob\u021bine un flux luminos-termic echilibrat.<\/p>\n\n\n\n<p>Diferen\u021ba de temperatur\u0103 dintre zonele transparente \u0219i cele serigrafiate va genera o mi\u0219care natural\u0103 a aerului \u00een lungul fa\u021badei, ajut\u00e2nd la r\u0103cirea acesteia.<\/p>\n\n\n\n<h1 class=\"wp-block-heading\">5. C\u00c2ND SE VA DA \u00ceN FOLOSIN\u021a\u0102 CL\u0102DIREA DE BIROURI?&nbsp;<\/h1>\n\n\n\n<p>\u00cen prezent, ne afl\u0103m \u00een discu\u021bii avansate cu mai mul\u021bi clien\u021bi din diferite sectoare de business, \u00eens\u0103 p\u00e2n\u0103 la finalizarea procesului de negociere \u0219i a tuturor formalit\u0103\u021bilor contractuale oper\u0103m \u00een cadrul unui cadru de confiden\u021bialitate.<\/p>\n\n\n\n<h1 class=\"wp-block-heading\">6. A\u021aI \u00ceNCEPUT CONSTRUC\u021aIA \u0218I PENTRU PROIECTUL REZIDEN\u021aIAL?<\/h1>\n\n\n\n<p>The Light este un proiect dezvoltat \u00een mai multe etape, care evolueaz\u0103 oda\u021b\u0103 cu cerin\u021bele pie\u021bei. P\u00e2n\u0103 \u00een prezent, \u00eentr-o prim\u0103 faz\u0103, proiectul s-a concentrat pe dezvoltarea segmentului de birouri, iar \u00een func\u021bie de dinamica pie\u021bei \u0219i tendin\u021bele de ocupare, vom trece la urm\u0103toarele etape, care includ \u0219i segmentul reziden\u021bial.<\/p>\n\n\n\n<p>Nu exist\u0103 o dat\u0103 cert\u0103 pe care s\u0103 o putem \u00eenainta \u00een acest moment, tocmai pentru c\u0103 avem flexibilitatea at\u00e2t de a inter-schimba fazele \u00een func\u021bie de nevoie, c\u00e2t \u0219i de a le suprapune. De aceea, etapa urm\u0103toare de dezvoltare se poate concentra fie pe dezvoltarea celorlalte dou\u0103 faze pe segmentul office \u0219i a infrastructurii pentru \u00eentregul proiect, fie pe abordarea simultan\u0103 a reziden\u021bialului cu una din fazele de office.<\/p>\n\n\n\n<p>\u00cen plus, The Light este g\u00e2ndit ca un proiect pe termen mediu, astfel \u00eenc\u00e2t avem \u00een vedere continuarea fazelor \u00een cel mai scurt timp de la momentul livr\u0103rii The Light One, afl\u00e2ndu-ne \u00een stadiul de planificare \u0219i preg\u0103tire pentru etapele urm\u0103toare.<\/p>\n\n\n\n<p>\u00cenc\u0103 din faza de proiect, The Light a fost g\u00e2ndit cu scopul de a fi valorificat la maximul s\u0103u poten\u021bial \u0219i pentru a acoperi un spectru larg al nevoilor pie\u021bei prin conceptul mixed-use care integreaz\u0103 func\u021bionalit\u0103\u021bi diverse: office, reziden\u021bial \u0219i facilit\u0103\u021bi conexe. Tot conceptul ofer\u0103 o perspectiv\u0103 interesant\u0103 \u0219i larg\u0103 pentru agenda investitorilor interesa\u021bi s\u0103 se implice \u00eentr-un pipeline pe termen mediu. Putem spune c\u0103 am proiectat The Light One astfel \u00eenc\u00e2t s\u0103 devin\u0103 o cl\u0103dire c\u00e2t mai profitabil\u0103 \u0219i atractiv\u0103 \u0219i din punct de vedere investi\u021bional.&nbsp;<\/p>\n\n\n\n<p>Pentru mai multe informa\u021bii accesa\u021bi&nbsp;<a href=\"https:\/\/www.the-light.ro\/ro\/\">https:\/\/www.the-light.ro\/ro\/<\/a>.<\/p>\n\n\n\n<p>Sursa:&nbsp;<a href=\"https:\/\/revistasticlei.ro\/the-light-un-nou-concept-de-living-si-office-al-capitalei\/\" target=\"_blank\" rel=\"noreferrer noopener\">RevistaSticlei.ro<\/a><\/p>","protected":false},"excerpt":{"rendered":"<p>Proiectul The Light este &nbsp;un reper de calitate situat \u00een noul cartier de afaceri central-vestic al Bucure\u0219tiului, fiind dedicat companiilor dinamice,&nbsp;cu o capacitate de [&hellip;]<\/p>\n","protected":false},"author":1,"featured_media":1084,"comment_status":"closed","ping_status":"open","sticky":false,"template":"","format":"standard","meta":{"site-sidebar-layout":"default","site-content-layout":"default","ast-site-content-layout":"default","site-content-style":"default","site-sidebar-style":"default","ast-global-header-display":"","ast-banner-title-visibility":"","ast-main-header-display":"","ast-hfb-above-header-display":"","ast-hfb-below-header-display":"","ast-hfb-mobile-header-display":"","site-post-title":"","ast-breadcrumbs-content":"","ast-featured-img":"","footer-sml-layout":"","ast-disable-related-posts":"","theme-transparent-header-meta":"default","adv-header-id-meta":"","stick-header-meta":"default","header-above-stick-meta":"","header-main-stick-meta":"","header-below-stick-meta":"","astra-migrate-meta-layouts":"default","ast-page-background-enabled":"default","ast-page-background-meta":{"desktop":{"background-color":"","background-image":"","background-repeat":"repeat","background-position":"center center","background-size":"auto","background-attachment":"scroll","background-type":"","background-media":"","overlay-type":"","overlay-color":"","overlay-opacity":"","overlay-gradient":""},"tablet":{"background-color":"","background-image":"","background-repeat":"repeat","background-position":"center center","background-size":"auto","background-attachment":"scroll","background-type":"","background-media":"","overlay-type":"","overlay-color":"","overlay-opacity":"","overlay-gradient":""},"mobile":{"background-color":"","background-image":"","background-repeat":"repeat","background-position":"center center","background-size":"auto","background-attachment":"scroll","background-type":"","background-media":"","overlay-type":"","overlay-color":"","overlay-opacity":"","overlay-gradient":""}},"ast-content-background-meta":{"desktop":{"background-color":"var(--ast-global-color-5)","background-image":"","background-repeat":"repeat","background-position":"center center","background-size":"auto","background-attachment":"scroll","background-type":"","background-media":"","overlay-type":"","overlay-color":"","overlay-opacity":"","overlay-gradient":""},"tablet":{"background-color":"var(--ast-global-color-5)","background-image":"","background-repeat":"repeat","background-position":"center center","background-size":"auto","background-attachment":"scroll","background-type":"","background-media":"","overlay-type":"","overlay-color":"","overlay-opacity":"","overlay-gradient":""},"mobile":{"background-color":"var(--ast-global-color-5)","background-image":"","background-repeat":"repeat","background-position":"center center","background-size":"auto","background-attachment":"scroll","background-type":"","background-media":"","overlay-type":"","overlay-color":"","overlay-opacity":"","overlay-gradient":""}},"footnotes":""},"categories":[1],"tags":[],"class_list":["post-1083","post","type-post","status-publish","format-standard","has-post-thumbnail","hentry","category-news"],"yoast_head":"<!-- This site is optimized with the Yoast SEO plugin v27.5 - https:\/\/yoast.com\/product\/yoast-seo-wordpress\/ -->\n<title>THE LIGHT, un nou concept de living \u0219i office \u00een cartierul central-vestic al capitalei - The Light<\/title>\n<meta name=\"robots\" content=\"index, follow, max-snippet:-1, max-image-preview:large, max-video-preview:-1\" \/>\n<link rel=\"canonical\" href=\"https:\/\/the-light.ro\/ro\/the-light-un-nou-concept-de-living-si-office-in-cartierul-central-vestic-al-capitalei\/\" \/>\n<meta property=\"og:locale\" content=\"ro_RO\" \/>\n<meta property=\"og:type\" content=\"article\" \/>\n<meta property=\"og:title\" content=\"THE LIGHT, un nou concept de living \u0219i office \u00een cartierul central-vestic al capitalei - The Light\" \/>\n<meta property=\"og:description\" content=\"Proiectul The Light este &nbsp;un reper de calitate situat \u00een noul cartier de afaceri central-vestic al Bucure\u0219tiului, fiind dedicat companiilor dinamice,&nbsp;cu o capacitate de [&hellip;]\" \/>\n<meta property=\"og:url\" content=\"https:\/\/the-light.ro\/ro\/the-light-un-nou-concept-de-living-si-office-in-cartierul-central-vestic-al-capitalei\/\" \/>\n<meta property=\"og:site_name\" content=\"The Light\" \/>\n<meta property=\"article:published_time\" content=\"2019-08-12T12:50:00+00:00\" \/>\n<meta property=\"article:modified_time\" content=\"2020-12-21T12:52:09+00:00\" \/>\n<meta property=\"og:image\" content=\"https:\/\/the-light.ro\/wp-content\/uploads\/2020\/12\/revista-sticlei-54f5d042.jpeg\" \/>\n\t<meta property=\"og:image:width\" content=\"1000\" \/>\n\t<meta property=\"og:image:height\" content=\"400\" \/>\n\t<meta property=\"og:image:type\" content=\"image\/jpeg\" \/>\n<meta name=\"author\" content=\"pqb\" \/>\n<meta name=\"twitter:card\" content=\"summary_large_image\" \/>\n<meta name=\"twitter:label1\" content=\"Scris de\" \/>\n\t<meta name=\"twitter:data1\" content=\"pqb\" \/>\n\t<meta name=\"twitter:label2\" content=\"Timp estimat pentru citire\" \/>\n\t<meta name=\"twitter:data2\" content=\"5 minute\" \/>\n<script type=\"application\/ld+json\" class=\"yoast-schema-graph\">{\"@context\":\"https:\\\/\\\/schema.org\",\"@graph\":[{\"@type\":\"Article\",\"@id\":\"https:\\\/\\\/the-light.ro\\\/the-light-un-nou-concept-de-living-si-office-in-cartierul-central-vestic-al-capitalei\\\/#article\",\"isPartOf\":{\"@id\":\"https:\\\/\\\/the-light.ro\\\/the-light-un-nou-concept-de-living-si-office-in-cartierul-central-vestic-al-capitalei\\\/\"},\"author\":{\"name\":\"pqb\",\"@id\":\"https:\\\/\\\/the-light.ro\\\/ro\\\/#\\\/schema\\\/person\\\/aff96c1a5e73bcee0623019c73a83bd8\"},\"headline\":\"THE LIGHT, un nou concept de living \u0219i office \u00een cartierul central-vestic al capitalei\",\"datePublished\":\"2019-08-12T12:50:00+00:00\",\"dateModified\":\"2020-12-21T12:52:09+00:00\",\"mainEntityOfPage\":{\"@id\":\"https:\\\/\\\/the-light.ro\\\/the-light-un-nou-concept-de-living-si-office-in-cartierul-central-vestic-al-capitalei\\\/\"},\"wordCount\":1068,\"publisher\":{\"@id\":\"https:\\\/\\\/the-light.ro\\\/ro\\\/#organization\"},\"image\":{\"@id\":\"https:\\\/\\\/the-light.ro\\\/the-light-un-nou-concept-de-living-si-office-in-cartierul-central-vestic-al-capitalei\\\/#primaryimage\"},\"thumbnailUrl\":\"https:\\\/\\\/the-light.ro\\\/wp-content\\\/uploads\\\/2020\\\/12\\\/revista-sticlei-54f5d042.jpeg\",\"articleSection\":[\"News\"],\"inLanguage\":\"ro-RO\"},{\"@type\":\"WebPage\",\"@id\":\"https:\\\/\\\/the-light.ro\\\/the-light-un-nou-concept-de-living-si-office-in-cartierul-central-vestic-al-capitalei\\\/\",\"url\":\"https:\\\/\\\/the-light.ro\\\/the-light-un-nou-concept-de-living-si-office-in-cartierul-central-vestic-al-capitalei\\\/\",\"name\":\"THE LIGHT, un nou concept de living \u0219i office \u00een cartierul central-vestic al capitalei - The Light\",\"isPartOf\":{\"@id\":\"https:\\\/\\\/the-light.ro\\\/ro\\\/#website\"},\"primaryImageOfPage\":{\"@id\":\"https:\\\/\\\/the-light.ro\\\/the-light-un-nou-concept-de-living-si-office-in-cartierul-central-vestic-al-capitalei\\\/#primaryimage\"},\"image\":{\"@id\":\"https:\\\/\\\/the-light.ro\\\/the-light-un-nou-concept-de-living-si-office-in-cartierul-central-vestic-al-capitalei\\\/#primaryimage\"},\"thumbnailUrl\":\"https:\\\/\\\/the-light.ro\\\/wp-content\\\/uploads\\\/2020\\\/12\\\/revista-sticlei-54f5d042.jpeg\",\"datePublished\":\"2019-08-12T12:50:00+00:00\",\"dateModified\":\"2020-12-21T12:52:09+00:00\",\"breadcrumb\":{\"@id\":\"https:\\\/\\\/the-light.ro\\\/the-light-un-nou-concept-de-living-si-office-in-cartierul-central-vestic-al-capitalei\\\/#breadcrumb\"},\"inLanguage\":\"ro-RO\",\"potentialAction\":[{\"@type\":\"ReadAction\",\"target\":[\"https:\\\/\\\/the-light.ro\\\/the-light-un-nou-concept-de-living-si-office-in-cartierul-central-vestic-al-capitalei\\\/\"]}]},{\"@type\":\"ImageObject\",\"inLanguage\":\"ro-RO\",\"@id\":\"https:\\\/\\\/the-light.ro\\\/the-light-un-nou-concept-de-living-si-office-in-cartierul-central-vestic-al-capitalei\\\/#primaryimage\",\"url\":\"https:\\\/\\\/the-light.ro\\\/wp-content\\\/uploads\\\/2020\\\/12\\\/revista-sticlei-54f5d042.jpeg\",\"contentUrl\":\"https:\\\/\\\/the-light.ro\\\/wp-content\\\/uploads\\\/2020\\\/12\\\/revista-sticlei-54f5d042.jpeg\",\"width\":1000,\"height\":400},{\"@type\":\"BreadcrumbList\",\"@id\":\"https:\\\/\\\/the-light.ro\\\/the-light-un-nou-concept-de-living-si-office-in-cartierul-central-vestic-al-capitalei\\\/#breadcrumb\",\"itemListElement\":[{\"@type\":\"ListItem\",\"position\":1,\"name\":\"Home\",\"item\":\"https:\\\/\\\/the-light.ro\\\/\"},{\"@type\":\"ListItem\",\"position\":2,\"name\":\"THE LIGHT, un nou concept de living \u0219i office \u00een cartierul central-vestic al capitalei\"}]},{\"@type\":\"WebSite\",\"@id\":\"https:\\\/\\\/the-light.ro\\\/ro\\\/#website\",\"url\":\"https:\\\/\\\/the-light.ro\\\/ro\\\/\",\"name\":\"The Light\",\"description\":\"A perfect spot for innovation\",\"publisher\":{\"@id\":\"https:\\\/\\\/the-light.ro\\\/ro\\\/#organization\"},\"potentialAction\":[{\"@type\":\"SearchAction\",\"target\":{\"@type\":\"EntryPoint\",\"urlTemplate\":\"https:\\\/\\\/the-light.ro\\\/ro\\\/?s={search_term_string}\"},\"query-input\":{\"@type\":\"PropertyValueSpecification\",\"valueRequired\":true,\"valueName\":\"search_term_string\"}}],\"inLanguage\":\"ro-RO\"},{\"@type\":\"Organization\",\"@id\":\"https:\\\/\\\/the-light.ro\\\/ro\\\/#organization\",\"name\":\"The Light\",\"url\":\"https:\\\/\\\/the-light.ro\\\/ro\\\/\",\"logo\":{\"@type\":\"ImageObject\",\"inLanguage\":\"ro-RO\",\"@id\":\"https:\\\/\\\/the-light.ro\\\/ro\\\/#\\\/schema\\\/logo\\\/image\\\/\",\"url\":\"https:\\\/\\\/the-light.ro\\\/wp-content\\\/uploads\\\/2020\\\/11\\\/the-light.svg\",\"contentUrl\":\"https:\\\/\\\/the-light.ro\\\/wp-content\\\/uploads\\\/2020\\\/11\\\/the-light.svg\",\"width\":250,\"height\":42,\"caption\":\"The Light\"},\"image\":{\"@id\":\"https:\\\/\\\/the-light.ro\\\/ro\\\/#\\\/schema\\\/logo\\\/image\\\/\"}},{\"@type\":\"Person\",\"@id\":\"https:\\\/\\\/the-light.ro\\\/ro\\\/#\\\/schema\\\/person\\\/aff96c1a5e73bcee0623019c73a83bd8\",\"name\":\"pqb\",\"image\":{\"@type\":\"ImageObject\",\"inLanguage\":\"ro-RO\",\"@id\":\"https:\\\/\\\/secure.gravatar.com\\\/avatar\\\/7636314b5685e178bd8ed75a1d4c057fd68573d6c420762d5be8d832d1c70660?s=96&d=mm&r=g\",\"url\":\"https:\\\/\\\/secure.gravatar.com\\\/avatar\\\/7636314b5685e178bd8ed75a1d4c057fd68573d6c420762d5be8d832d1c70660?s=96&d=mm&r=g\",\"contentUrl\":\"https:\\\/\\\/secure.gravatar.com\\\/avatar\\\/7636314b5685e178bd8ed75a1d4c057fd68573d6c420762d5be8d832d1c70660?s=96&d=mm&r=g\",\"caption\":\"pqb\"},\"sameAs\":[\"https:\\\/\\\/the-light.ro\"],\"url\":\"https:\\\/\\\/the-light.ro\\\/ro\\\/author\\\/pqb\\\/\"}]}<\/script>\n<!-- \/ Yoast SEO plugin. -->","yoast_head_json":{"title":"THE LIGHT, un nou concept de living \u0219i office \u00een cartierul central-vestic al capitalei - The Light","robots":{"index":"index","follow":"follow","max-snippet":"max-snippet:-1","max-image-preview":"max-image-preview:large","max-video-preview":"max-video-preview:-1"},"canonical":"https:\/\/the-light.ro\/ro\/the-light-un-nou-concept-de-living-si-office-in-cartierul-central-vestic-al-capitalei\/","og_locale":"ro_RO","og_type":"article","og_title":"THE LIGHT, un nou concept de living \u0219i office \u00een cartierul central-vestic al capitalei - The Light","og_description":"Proiectul The Light este &nbsp;un reper de calitate situat \u00een noul cartier de afaceri central-vestic al Bucure\u0219tiului, fiind dedicat companiilor dinamice,&nbsp;cu o capacitate de [&hellip;]","og_url":"https:\/\/the-light.ro\/ro\/the-light-un-nou-concept-de-living-si-office-in-cartierul-central-vestic-al-capitalei\/","og_site_name":"The Light","article_published_time":"2019-08-12T12:50:00+00:00","article_modified_time":"2020-12-21T12:52:09+00:00","og_image":[{"width":1000,"height":400,"url":"https:\/\/the-light.ro\/wp-content\/uploads\/2020\/12\/revista-sticlei-54f5d042.jpeg","type":"image\/jpeg"}],"author":"pqb","twitter_card":"summary_large_image","twitter_misc":{"Scris de":"pqb","Timp estimat pentru citire":"5 minute"},"schema":{"@context":"https:\/\/schema.org","@graph":[{"@type":"Article","@id":"https:\/\/the-light.ro\/the-light-un-nou-concept-de-living-si-office-in-cartierul-central-vestic-al-capitalei\/#article","isPartOf":{"@id":"https:\/\/the-light.ro\/the-light-un-nou-concept-de-living-si-office-in-cartierul-central-vestic-al-capitalei\/"},"author":{"name":"pqb","@id":"https:\/\/the-light.ro\/ro\/#\/schema\/person\/aff96c1a5e73bcee0623019c73a83bd8"},"headline":"THE LIGHT, un nou concept de living \u0219i office \u00een cartierul central-vestic al capitalei","datePublished":"2019-08-12T12:50:00+00:00","dateModified":"2020-12-21T12:52:09+00:00","mainEntityOfPage":{"@id":"https:\/\/the-light.ro\/the-light-un-nou-concept-de-living-si-office-in-cartierul-central-vestic-al-capitalei\/"},"wordCount":1068,"publisher":{"@id":"https:\/\/the-light.ro\/ro\/#organization"},"image":{"@id":"https:\/\/the-light.ro\/the-light-un-nou-concept-de-living-si-office-in-cartierul-central-vestic-al-capitalei\/#primaryimage"},"thumbnailUrl":"https:\/\/the-light.ro\/wp-content\/uploads\/2020\/12\/revista-sticlei-54f5d042.jpeg","articleSection":["News"],"inLanguage":"ro-RO"},{"@type":"WebPage","@id":"https:\/\/the-light.ro\/the-light-un-nou-concept-de-living-si-office-in-cartierul-central-vestic-al-capitalei\/","url":"https:\/\/the-light.ro\/the-light-un-nou-concept-de-living-si-office-in-cartierul-central-vestic-al-capitalei\/","name":"THE LIGHT, un nou concept de living \u0219i office \u00een cartierul central-vestic al capitalei - The Light","isPartOf":{"@id":"https:\/\/the-light.ro\/ro\/#website"},"primaryImageOfPage":{"@id":"https:\/\/the-light.ro\/the-light-un-nou-concept-de-living-si-office-in-cartierul-central-vestic-al-capitalei\/#primaryimage"},"image":{"@id":"https:\/\/the-light.ro\/the-light-un-nou-concept-de-living-si-office-in-cartierul-central-vestic-al-capitalei\/#primaryimage"},"thumbnailUrl":"https:\/\/the-light.ro\/wp-content\/uploads\/2020\/12\/revista-sticlei-54f5d042.jpeg","datePublished":"2019-08-12T12:50:00+00:00","dateModified":"2020-12-21T12:52:09+00:00","breadcrumb":{"@id":"https:\/\/the-light.ro\/the-light-un-nou-concept-de-living-si-office-in-cartierul-central-vestic-al-capitalei\/#breadcrumb"},"inLanguage":"ro-RO","potentialAction":[{"@type":"ReadAction","target":["https:\/\/the-light.ro\/the-light-un-nou-concept-de-living-si-office-in-cartierul-central-vestic-al-capitalei\/"]}]},{"@type":"ImageObject","inLanguage":"ro-RO","@id":"https:\/\/the-light.ro\/the-light-un-nou-concept-de-living-si-office-in-cartierul-central-vestic-al-capitalei\/#primaryimage","url":"https:\/\/the-light.ro\/wp-content\/uploads\/2020\/12\/revista-sticlei-54f5d042.jpeg","contentUrl":"https:\/\/the-light.ro\/wp-content\/uploads\/2020\/12\/revista-sticlei-54f5d042.jpeg","width":1000,"height":400},{"@type":"BreadcrumbList","@id":"https:\/\/the-light.ro\/the-light-un-nou-concept-de-living-si-office-in-cartierul-central-vestic-al-capitalei\/#breadcrumb","itemListElement":[{"@type":"ListItem","position":1,"name":"Home","item":"https:\/\/the-light.ro\/"},{"@type":"ListItem","position":2,"name":"THE LIGHT, un nou concept de living \u0219i office \u00een cartierul central-vestic al capitalei"}]},{"@type":"WebSite","@id":"https:\/\/the-light.ro\/ro\/#website","url":"https:\/\/the-light.ro\/ro\/","name":"The Light","description":"Un loc perfect pentru inova\u021bie","publisher":{"@id":"https:\/\/the-light.ro\/ro\/#organization"},"potentialAction":[{"@type":"SearchAction","target":{"@type":"EntryPoint","urlTemplate":"https:\/\/the-light.ro\/ro\/?s={search_term_string}"},"query-input":{"@type":"PropertyValueSpecification","valueRequired":true,"valueName":"search_term_string"}}],"inLanguage":"ro-RO"},{"@type":"Organization","@id":"https:\/\/the-light.ro\/ro\/#organization","name":"The Light","url":"https:\/\/the-light.ro\/ro\/","logo":{"@type":"ImageObject","inLanguage":"ro-RO","@id":"https:\/\/the-light.ro\/ro\/#\/schema\/logo\/image\/","url":"https:\/\/the-light.ro\/wp-content\/uploads\/2020\/11\/the-light.svg","contentUrl":"https:\/\/the-light.ro\/wp-content\/uploads\/2020\/11\/the-light.svg","width":250,"height":42,"caption":"The Light"},"image":{"@id":"https:\/\/the-light.ro\/ro\/#\/schema\/logo\/image\/"}},{"@type":"Person","@id":"https:\/\/the-light.ro\/ro\/#\/schema\/person\/aff96c1a5e73bcee0623019c73a83bd8","name":"pqb","image":{"@type":"ImageObject","inLanguage":"ro-RO","@id":"https:\/\/secure.gravatar.com\/avatar\/7636314b5685e178bd8ed75a1d4c057fd68573d6c420762d5be8d832d1c70660?s=96&d=mm&r=g","url":"https:\/\/secure.gravatar.com\/avatar\/7636314b5685e178bd8ed75a1d4c057fd68573d6c420762d5be8d832d1c70660?s=96&d=mm&r=g","contentUrl":"https:\/\/secure.gravatar.com\/avatar\/7636314b5685e178bd8ed75a1d4c057fd68573d6c420762d5be8d832d1c70660?s=96&d=mm&r=g","caption":"pqb"},"sameAs":["https:\/\/the-light.ro"],"url":"https:\/\/the-light.ro\/ro\/author\/pqb\/"}]}},"_links":{"self":[{"href":"https:\/\/the-light.ro\/ro\/wp-json\/wp\/v2\/posts\/1083","targetHints":{"allow":["GET"]}}],"collection":[{"href":"https:\/\/the-light.ro\/ro\/wp-json\/wp\/v2\/posts"}],"about":[{"href":"https:\/\/the-light.ro\/ro\/wp-json\/wp\/v2\/types\/post"}],"author":[{"embeddable":true,"href":"https:\/\/the-light.ro\/ro\/wp-json\/wp\/v2\/users\/1"}],"replies":[{"embeddable":true,"href":"https:\/\/the-light.ro\/ro\/wp-json\/wp\/v2\/comments?post=1083"}],"version-history":[{"count":1,"href":"https:\/\/the-light.ro\/ro\/wp-json\/wp\/v2\/posts\/1083\/revisions"}],"predecessor-version":[{"id":1085,"href":"https:\/\/the-light.ro\/ro\/wp-json\/wp\/v2\/posts\/1083\/revisions\/1085"}],"wp:featuredmedia":[{"embeddable":true,"href":"https:\/\/the-light.ro\/ro\/wp-json\/wp\/v2\/media\/1084"}],"wp:attachment":[{"href":"https:\/\/the-light.ro\/ro\/wp-json\/wp\/v2\/media?parent=1083"}],"wp:term":[{"taxonomy":"category","embeddable":true,"href":"https:\/\/the-light.ro\/ro\/wp-json\/wp\/v2\/categories?post=1083"},{"taxonomy":"post_tag","embeddable":true,"href":"https:\/\/the-light.ro\/ro\/wp-json\/wp\/v2\/tags?post=1083"}],"curies":[{"name":"wp","href":"https:\/\/api.w.org\/{rel}","templated":true}]}}