{"id":567,"date":"2017-11-13T18:29:19","date_gmt":"2017-11-13T18:29:19","guid":{"rendered":"https:\/\/the-light.ro\/?p=567"},"modified":"2020-12-21T12:28:49","modified_gmt":"2020-12-21T12:28:49","slug":"test","status":"publish","type":"post","link":"https:\/\/the-light.ro\/ro\/test\/","title":{"rendered":"The Light, un nou proiect de birouri"},"content":{"rendered":"<p><strong>River Development a anun\u0163at demararea lucr\u0103rilor de construc\u0163ie la un nou proiect de birouri de clas\u0103 A, situat \u00een zona Politehnica, care va fi livrat spre finalul anului 2018, dup\u0103 o investi\u0163ie total\u0103 de 33,5 milioane de euro. &nbsp;<\/strong><\/p>\n\n\n\n<p>River Development a anun\u0163at \u00eenceperea lucr\u0103rilor la The Light, un nou proiect de birouri de clas\u0103 A situat \u00een zona Politehnica, pe terenul fostei fabrici Pumac. Prima cl\u0103dire de birouri din cadrul proiectului, intitulat\u0103 \u201cThe Light\u201d, are o suprafa\u0163\u0103 \u00eenchiriabil\u0103 de 21.000 de mp (GLA), un regim de \u00een\u0103l\u0163ime de 11 etaje (2S+P+10 etaje+etaj tehnic) \u015fi ofer\u0103 293 de locuri de parcare. Proiectul este amplasat pe Bd. Iuliu Maniu, la 280 de metri de sta\u0163ia de metrou Politehnica.<\/p>\n\n\n\n<p><em>\u201cAnul acesta am demarat lucr\u0103rile de construc\u0163ie la o prim\u0103 cl\u0103dire de birouri de clas\u0103 A av\u00e2nd o suprafa\u0163\u0103 de 31.255 mp GBA inclusiv parc\u0103ri, \u015fi 21.000 mp GLA, construit\u0103 pe siteul fostei platforme Pumac \u015fi care este estimat\u0103 a fi livrat\u0103 \u00een trimestrul 4 din 2018. Valoarea total\u0103 a investi\u0163iei \u00een cl\u0103direa The Light se va ridica la cca 33,5 milioane de euro. Ne-am propus ca aceast\u0103 cl\u0103dire, a\u015fezat\u0103 pe un plan \u00een\u0103l\u0163at fa\u0163\u0103 de restul zonelor din Bucure\u015fti, s\u0103 reprezinte un etalon al calit\u0103\u0163ii, un reper al inova\u0163iei, care s\u0103 fac\u0103 leg\u0103tura \u00eentre comunitatea academic\u0103 din cadrul Universit\u0103\u0163ii Politehnice din vecin\u0103tate \u015fi companiile cele mai active pe pia\u0163\u0103 din domeniile cercet\u0103rii, proiect\u0103rii, IT&amp;C \u015fi serviciilor profesionale\u201d<\/em>, spune unul dintre reprezentan\u0163ii companiei.<\/p>\n\n\n\n<p>Proiectantul cl\u0103dirii este compania M3D Cinetic, project manager a fost desemnat\u0103 compania Vitalis iar antreprenor incint\u0103, compania Apolodor. Prima cl\u0103dire de birouri va cuprinde 11 etaje supraterane \u0219i dou\u0103 subsoluri, av\u00e2nd o suprafa\u021b\u0103 \u00eenchiriabil\u0103 pe&nbsp;etaj de&nbsp;<strong>2.100<\/strong>&nbsp;mp \u0219i este dotat\u0103 cu 6 lifturi. Cl\u0103direa are prev\u0103zut un spa\u021biu de \u00eenchiriat pe acoperi\u0219, ideal pentru conceptul foarte actual de \u201cspa\u021biu de relaxare\u201d pentru angaja\u021bii unei corpora\u021bii sau pentru un skybar. GLA (suprafa\u021ba&nbsp;\u00eenchiriabil\u0103 total\u0103) adaug\u0103 doar&nbsp;<strong>5%<\/strong>&nbsp;la NLA (suprafa\u021b\u0103 net\u0103 \u00eenchiriabil\u0103), oferind cel mai bun raport calitate\/pre\u021b fa\u021b\u0103 de orice cl\u0103dire de birouri din oras.<\/p>\n\n\n\n<p><em>\u201c\u00cen cadrul acestui proiect, lu\u0103m \u00een calcul demararea unei faze de reziden\u021bial preconizat\u0103 a \u00eencepe \u00een perioada 2018-2019. \u00cen ceea ce prive\u0219te vecinii no\u0219tri, mai degrab\u0103 dec\u00e2t construc\u021bii concurente, credem c\u0103 exist\u0103 suficient poten\u021bial de dezvoltare pentru a deservi cererea \u00een cre\u0219tere pentru aceast\u0103 zon\u0103\u201d<\/em>, adaug\u0103 reprezentantul companiei\u201d, adaug\u0103 reprezentantul companiei.<\/p>\n\n\n\n<p>Surs\u0103:&nbsp;<a href=\"https:\/\/www.revistabiz.ro\/light-un-nou-proiect-de-birouri\/\" target=\"_blank\" rel=\"noreferrer noopener\">Revista Biz<\/a><\/p>","protected":false},"excerpt":{"rendered":"<p>River Development a anun\u0163at demararea lucr\u0103rilor de construc\u0163ie la un nou proiect de birouri de clas\u0103 A, situat \u00een zona Politehnica, care va fi [&hellip;]<\/p>\n","protected":false},"author":1,"featured_media":1060,"comment_status":"closed","ping_status":"open","sticky":false,"template":"","format":"standard","meta":{"site-sidebar-layout":"default","site-content-layout":"default","ast-site-content-layout":"default","site-content-style":"default","site-sidebar-style":"default","ast-global-header-display":"","ast-banner-title-visibility":"","ast-main-header-display":"","ast-hfb-above-header-display":"","ast-hfb-below-header-display":"","ast-hfb-mobile-header-display":"","site-post-title":"","ast-breadcrumbs-content":"","ast-featured-img":"","footer-sml-layout":"","ast-disable-related-posts":"","theme-transparent-header-meta":"default","adv-header-id-meta":"","stick-header-meta":"default","header-above-stick-meta":"","header-main-stick-meta":"","header-below-stick-meta":"","astra-migrate-meta-layouts":"default","ast-page-background-enabled":"default","ast-page-background-meta":{"desktop":{"background-color":"","background-image":"","background-repeat":"repeat","background-position":"center center","background-size":"auto","background-attachment":"scroll","background-type":"","background-media":"","overlay-type":"","overlay-color":"","overlay-opacity":"","overlay-gradient":""},"tablet":{"background-color":"","background-image":"","background-repeat":"repeat","background-position":"center center","background-size":"auto","background-attachment":"scroll","background-type":"","background-media":"","overlay-type":"","overlay-color":"","overlay-opacity":"","overlay-gradient":""},"mobile":{"background-color":"","background-image":"","background-repeat":"repeat","background-position":"center center","background-size":"auto","background-attachment":"scroll","background-type":"","background-media":"","overlay-type":"","overlay-color":"","overlay-opacity":"","overlay-gradient":""}},"ast-content-background-meta":{"desktop":{"background-color":"var(--ast-global-color-5)","background-image":"","background-repeat":"repeat","background-position":"center center","background-size":"auto","background-attachment":"scroll","background-type":"","background-media":"","overlay-type":"","overlay-color":"","overlay-opacity":"","overlay-gradient":""},"tablet":{"background-color":"var(--ast-global-color-5)","background-image":"","background-repeat":"repeat","background-position":"center center","background-size":"auto","background-attachment":"scroll","background-type":"","background-media":"","overlay-type":"","overlay-color":"","overlay-opacity":"","overlay-gradient":""},"mobile":{"background-color":"var(--ast-global-color-5)","background-image":"","background-repeat":"repeat","background-position":"center center","background-size":"auto","background-attachment":"scroll","background-type":"","background-media":"","overlay-type":"","overlay-color":"","overlay-opacity":"","overlay-gradient":""}},"footnotes":""},"categories":[1],"tags":[],"class_list":["post-567","post","type-post","status-publish","format-standard","has-post-thumbnail","hentry","category-news"],"yoast_head":"<!-- This site is optimized with the Yoast SEO plugin v27.5 - https:\/\/yoast.com\/product\/yoast-seo-wordpress\/ -->\n<title>The Light, un nou proiect de birouri - The Light<\/title>\n<meta name=\"robots\" content=\"index, follow, max-snippet:-1, max-image-preview:large, max-video-preview:-1\" \/>\n<link rel=\"canonical\" href=\"https:\/\/the-light.ro\/ro\/test\/\" \/>\n<meta property=\"og:locale\" content=\"ro_RO\" \/>\n<meta property=\"og:type\" content=\"article\" \/>\n<meta property=\"og:title\" content=\"The Light, un nou proiect de birouri - The Light\" \/>\n<meta property=\"og:description\" content=\"River Development a anun\u0163at demararea lucr\u0103rilor de construc\u0163ie la un nou proiect de birouri de clas\u0103 A, situat \u00een zona Politehnica, care va fi [&hellip;]\" \/>\n<meta property=\"og:url\" content=\"https:\/\/the-light.ro\/ro\/test\/\" \/>\n<meta property=\"og:site_name\" content=\"The Light\" \/>\n<meta property=\"article:published_time\" content=\"2017-11-13T18:29:19+00:00\" \/>\n<meta property=\"article:modified_time\" content=\"2020-12-21T12:28:49+00:00\" \/>\n<meta property=\"og:image\" content=\"https:\/\/the-light.ro\/wp-content\/uploads\/2020\/10\/the-light-news-articol-1c-1024x576px-1da66b54-1.jpeg\" \/>\n\t<meta property=\"og:image:width\" content=\"1000\" \/>\n\t<meta property=\"og:image:height\" content=\"400\" \/>\n\t<meta property=\"og:image:type\" content=\"image\/jpeg\" \/>\n<meta name=\"author\" content=\"pqb\" \/>\n<meta name=\"twitter:card\" content=\"summary_large_image\" \/>\n<meta name=\"twitter:label1\" content=\"Scris de\" \/>\n\t<meta name=\"twitter:data1\" content=\"pqb\" \/>\n\t<meta name=\"twitter:label2\" content=\"Timp estimat pentru citire\" \/>\n\t<meta name=\"twitter:data2\" content=\"2 minute\" \/>\n<script type=\"application\/ld+json\" class=\"yoast-schema-graph\">{\"@context\":\"https:\\\/\\\/schema.org\",\"@graph\":[{\"@type\":\"Article\",\"@id\":\"https:\\\/\\\/the-light.ro\\\/test\\\/#article\",\"isPartOf\":{\"@id\":\"https:\\\/\\\/the-light.ro\\\/test\\\/\"},\"author\":{\"name\":\"pqb\",\"@id\":\"https:\\\/\\\/the-light.ro\\\/ro\\\/#\\\/schema\\\/person\\\/aff96c1a5e73bcee0623019c73a83bd8\"},\"headline\":\"The Light, un nou proiect de birouri\",\"datePublished\":\"2017-11-13T18:29:19+00:00\",\"dateModified\":\"2020-12-21T12:28:49+00:00\",\"mainEntityOfPage\":{\"@id\":\"https:\\\/\\\/the-light.ro\\\/test\\\/\"},\"wordCount\":445,\"publisher\":{\"@id\":\"https:\\\/\\\/the-light.ro\\\/ro\\\/#organization\"},\"image\":{\"@id\":\"https:\\\/\\\/the-light.ro\\\/test\\\/#primaryimage\"},\"thumbnailUrl\":\"https:\\\/\\\/the-light.ro\\\/wp-content\\\/uploads\\\/2020\\\/10\\\/the-light-news-articol-1c-1024x576px-1da66b54-1.jpeg\",\"articleSection\":[\"News\"],\"inLanguage\":\"ro-RO\"},{\"@type\":\"WebPage\",\"@id\":\"https:\\\/\\\/the-light.ro\\\/test\\\/\",\"url\":\"https:\\\/\\\/the-light.ro\\\/test\\\/\",\"name\":\"The Light, un nou proiect de birouri - The Light\",\"isPartOf\":{\"@id\":\"https:\\\/\\\/the-light.ro\\\/ro\\\/#website\"},\"primaryImageOfPage\":{\"@id\":\"https:\\\/\\\/the-light.ro\\\/test\\\/#primaryimage\"},\"image\":{\"@id\":\"https:\\\/\\\/the-light.ro\\\/test\\\/#primaryimage\"},\"thumbnailUrl\":\"https:\\\/\\\/the-light.ro\\\/wp-content\\\/uploads\\\/2020\\\/10\\\/the-light-news-articol-1c-1024x576px-1da66b54-1.jpeg\",\"datePublished\":\"2017-11-13T18:29:19+00:00\",\"dateModified\":\"2020-12-21T12:28:49+00:00\",\"breadcrumb\":{\"@id\":\"https:\\\/\\\/the-light.ro\\\/test\\\/#breadcrumb\"},\"inLanguage\":\"ro-RO\",\"potentialAction\":[{\"@type\":\"ReadAction\",\"target\":[\"https:\\\/\\\/the-light.ro\\\/test\\\/\"]}]},{\"@type\":\"ImageObject\",\"inLanguage\":\"ro-RO\",\"@id\":\"https:\\\/\\\/the-light.ro\\\/test\\\/#primaryimage\",\"url\":\"https:\\\/\\\/the-light.ro\\\/wp-content\\\/uploads\\\/2020\\\/10\\\/the-light-news-articol-1c-1024x576px-1da66b54-1.jpeg\",\"contentUrl\":\"https:\\\/\\\/the-light.ro\\\/wp-content\\\/uploads\\\/2020\\\/10\\\/the-light-news-articol-1c-1024x576px-1da66b54-1.jpeg\",\"width\":1000,\"height\":400},{\"@type\":\"BreadcrumbList\",\"@id\":\"https:\\\/\\\/the-light.ro\\\/test\\\/#breadcrumb\",\"itemListElement\":[{\"@type\":\"ListItem\",\"position\":1,\"name\":\"Home\",\"item\":\"https:\\\/\\\/the-light.ro\\\/\"},{\"@type\":\"ListItem\",\"position\":2,\"name\":\"The Light, un nou proiect de birouri\"}]},{\"@type\":\"WebSite\",\"@id\":\"https:\\\/\\\/the-light.ro\\\/ro\\\/#website\",\"url\":\"https:\\\/\\\/the-light.ro\\\/ro\\\/\",\"name\":\"The Light\",\"description\":\"A perfect spot for innovation\",\"publisher\":{\"@id\":\"https:\\\/\\\/the-light.ro\\\/ro\\\/#organization\"},\"potentialAction\":[{\"@type\":\"SearchAction\",\"target\":{\"@type\":\"EntryPoint\",\"urlTemplate\":\"https:\\\/\\\/the-light.ro\\\/ro\\\/?s={search_term_string}\"},\"query-input\":{\"@type\":\"PropertyValueSpecification\",\"valueRequired\":true,\"valueName\":\"search_term_string\"}}],\"inLanguage\":\"ro-RO\"},{\"@type\":\"Organization\",\"@id\":\"https:\\\/\\\/the-light.ro\\\/ro\\\/#organization\",\"name\":\"The Light\",\"url\":\"https:\\\/\\\/the-light.ro\\\/ro\\\/\",\"logo\":{\"@type\":\"ImageObject\",\"inLanguage\":\"ro-RO\",\"@id\":\"https:\\\/\\\/the-light.ro\\\/ro\\\/#\\\/schema\\\/logo\\\/image\\\/\",\"url\":\"https:\\\/\\\/the-light.ro\\\/wp-content\\\/uploads\\\/2020\\\/11\\\/the-light.svg\",\"contentUrl\":\"https:\\\/\\\/the-light.ro\\\/wp-content\\\/uploads\\\/2020\\\/11\\\/the-light.svg\",\"width\":250,\"height\":42,\"caption\":\"The Light\"},\"image\":{\"@id\":\"https:\\\/\\\/the-light.ro\\\/ro\\\/#\\\/schema\\\/logo\\\/image\\\/\"}},{\"@type\":\"Person\",\"@id\":\"https:\\\/\\\/the-light.ro\\\/ro\\\/#\\\/schema\\\/person\\\/aff96c1a5e73bcee0623019c73a83bd8\",\"name\":\"pqb\",\"image\":{\"@type\":\"ImageObject\",\"inLanguage\":\"ro-RO\",\"@id\":\"https:\\\/\\\/secure.gravatar.com\\\/avatar\\\/7636314b5685e178bd8ed75a1d4c057fd68573d6c420762d5be8d832d1c70660?s=96&d=mm&r=g\",\"url\":\"https:\\\/\\\/secure.gravatar.com\\\/avatar\\\/7636314b5685e178bd8ed75a1d4c057fd68573d6c420762d5be8d832d1c70660?s=96&d=mm&r=g\",\"contentUrl\":\"https:\\\/\\\/secure.gravatar.com\\\/avatar\\\/7636314b5685e178bd8ed75a1d4c057fd68573d6c420762d5be8d832d1c70660?s=96&d=mm&r=g\",\"caption\":\"pqb\"},\"sameAs\":[\"https:\\\/\\\/the-light.ro\"],\"url\":\"https:\\\/\\\/the-light.ro\\\/ro\\\/author\\\/pqb\\\/\"}]}<\/script>\n<!-- \/ Yoast SEO plugin. -->","yoast_head_json":{"title":"The Light, un nou proiect de birouri - The Light","robots":{"index":"index","follow":"follow","max-snippet":"max-snippet:-1","max-image-preview":"max-image-preview:large","max-video-preview":"max-video-preview:-1"},"canonical":"https:\/\/the-light.ro\/ro\/test\/","og_locale":"ro_RO","og_type":"article","og_title":"The Light, un nou proiect de birouri - The Light","og_description":"River Development a anun\u0163at demararea lucr\u0103rilor de construc\u0163ie la un nou proiect de birouri de clas\u0103 A, situat \u00een zona Politehnica, care va fi [&hellip;]","og_url":"https:\/\/the-light.ro\/ro\/test\/","og_site_name":"The Light","article_published_time":"2017-11-13T18:29:19+00:00","article_modified_time":"2020-12-21T12:28:49+00:00","og_image":[{"width":1000,"height":400,"url":"https:\/\/the-light.ro\/wp-content\/uploads\/2020\/10\/the-light-news-articol-1c-1024x576px-1da66b54-1.jpeg","type":"image\/jpeg"}],"author":"pqb","twitter_card":"summary_large_image","twitter_misc":{"Scris de":"pqb","Timp estimat pentru citire":"2 minute"},"schema":{"@context":"https:\/\/schema.org","@graph":[{"@type":"Article","@id":"https:\/\/the-light.ro\/test\/#article","isPartOf":{"@id":"https:\/\/the-light.ro\/test\/"},"author":{"name":"pqb","@id":"https:\/\/the-light.ro\/ro\/#\/schema\/person\/aff96c1a5e73bcee0623019c73a83bd8"},"headline":"The Light, un nou proiect de birouri","datePublished":"2017-11-13T18:29:19+00:00","dateModified":"2020-12-21T12:28:49+00:00","mainEntityOfPage":{"@id":"https:\/\/the-light.ro\/test\/"},"wordCount":445,"publisher":{"@id":"https:\/\/the-light.ro\/ro\/#organization"},"image":{"@id":"https:\/\/the-light.ro\/test\/#primaryimage"},"thumbnailUrl":"https:\/\/the-light.ro\/wp-content\/uploads\/2020\/10\/the-light-news-articol-1c-1024x576px-1da66b54-1.jpeg","articleSection":["News"],"inLanguage":"ro-RO"},{"@type":"WebPage","@id":"https:\/\/the-light.ro\/test\/","url":"https:\/\/the-light.ro\/test\/","name":"The Light, un nou proiect de birouri - The Light","isPartOf":{"@id":"https:\/\/the-light.ro\/ro\/#website"},"primaryImageOfPage":{"@id":"https:\/\/the-light.ro\/test\/#primaryimage"},"image":{"@id":"https:\/\/the-light.ro\/test\/#primaryimage"},"thumbnailUrl":"https:\/\/the-light.ro\/wp-content\/uploads\/2020\/10\/the-light-news-articol-1c-1024x576px-1da66b54-1.jpeg","datePublished":"2017-11-13T18:29:19+00:00","dateModified":"2020-12-21T12:28:49+00:00","breadcrumb":{"@id":"https:\/\/the-light.ro\/test\/#breadcrumb"},"inLanguage":"ro-RO","potentialAction":[{"@type":"ReadAction","target":["https:\/\/the-light.ro\/test\/"]}]},{"@type":"ImageObject","inLanguage":"ro-RO","@id":"https:\/\/the-light.ro\/test\/#primaryimage","url":"https:\/\/the-light.ro\/wp-content\/uploads\/2020\/10\/the-light-news-articol-1c-1024x576px-1da66b54-1.jpeg","contentUrl":"https:\/\/the-light.ro\/wp-content\/uploads\/2020\/10\/the-light-news-articol-1c-1024x576px-1da66b54-1.jpeg","width":1000,"height":400},{"@type":"BreadcrumbList","@id":"https:\/\/the-light.ro\/test\/#breadcrumb","itemListElement":[{"@type":"ListItem","position":1,"name":"Home","item":"https:\/\/the-light.ro\/"},{"@type":"ListItem","position":2,"name":"The Light, un nou proiect de birouri"}]},{"@type":"WebSite","@id":"https:\/\/the-light.ro\/ro\/#website","url":"https:\/\/the-light.ro\/ro\/","name":"The Light","description":"Un loc perfect pentru inova\u021bie","publisher":{"@id":"https:\/\/the-light.ro\/ro\/#organization"},"potentialAction":[{"@type":"SearchAction","target":{"@type":"EntryPoint","urlTemplate":"https:\/\/the-light.ro\/ro\/?s={search_term_string}"},"query-input":{"@type":"PropertyValueSpecification","valueRequired":true,"valueName":"search_term_string"}}],"inLanguage":"ro-RO"},{"@type":"Organization","@id":"https:\/\/the-light.ro\/ro\/#organization","name":"The Light","url":"https:\/\/the-light.ro\/ro\/","logo":{"@type":"ImageObject","inLanguage":"ro-RO","@id":"https:\/\/the-light.ro\/ro\/#\/schema\/logo\/image\/","url":"https:\/\/the-light.ro\/wp-content\/uploads\/2020\/11\/the-light.svg","contentUrl":"https:\/\/the-light.ro\/wp-content\/uploads\/2020\/11\/the-light.svg","width":250,"height":42,"caption":"The Light"},"image":{"@id":"https:\/\/the-light.ro\/ro\/#\/schema\/logo\/image\/"}},{"@type":"Person","@id":"https:\/\/the-light.ro\/ro\/#\/schema\/person\/aff96c1a5e73bcee0623019c73a83bd8","name":"pqb","image":{"@type":"ImageObject","inLanguage":"ro-RO","@id":"https:\/\/secure.gravatar.com\/avatar\/7636314b5685e178bd8ed75a1d4c057fd68573d6c420762d5be8d832d1c70660?s=96&d=mm&r=g","url":"https:\/\/secure.gravatar.com\/avatar\/7636314b5685e178bd8ed75a1d4c057fd68573d6c420762d5be8d832d1c70660?s=96&d=mm&r=g","contentUrl":"https:\/\/secure.gravatar.com\/avatar\/7636314b5685e178bd8ed75a1d4c057fd68573d6c420762d5be8d832d1c70660?s=96&d=mm&r=g","caption":"pqb"},"sameAs":["https:\/\/the-light.ro"],"url":"https:\/\/the-light.ro\/ro\/author\/pqb\/"}]}},"_links":{"self":[{"href":"https:\/\/the-light.ro\/ro\/wp-json\/wp\/v2\/posts\/567","targetHints":{"allow":["GET"]}}],"collection":[{"href":"https:\/\/the-light.ro\/ro\/wp-json\/wp\/v2\/posts"}],"about":[{"href":"https:\/\/the-light.ro\/ro\/wp-json\/wp\/v2\/types\/post"}],"author":[{"embeddable":true,"href":"https:\/\/the-light.ro\/ro\/wp-json\/wp\/v2\/users\/1"}],"replies":[{"embeddable":true,"href":"https:\/\/the-light.ro\/ro\/wp-json\/wp\/v2\/comments?post=567"}],"version-history":[{"count":2,"href":"https:\/\/the-light.ro\/ro\/wp-json\/wp\/v2\/posts\/567\/revisions"}],"predecessor-version":[{"id":1061,"href":"https:\/\/the-light.ro\/ro\/wp-json\/wp\/v2\/posts\/567\/revisions\/1061"}],"wp:featuredmedia":[{"embeddable":true,"href":"https:\/\/the-light.ro\/ro\/wp-json\/wp\/v2\/media\/1060"}],"wp:attachment":[{"href":"https:\/\/the-light.ro\/ro\/wp-json\/wp\/v2\/media?parent=567"}],"wp:term":[{"taxonomy":"category","embeddable":true,"href":"https:\/\/the-light.ro\/ro\/wp-json\/wp\/v2\/categories?post=567"},{"taxonomy":"post_tag","embeddable":true,"href":"https:\/\/the-light.ro\/ro\/wp-json\/wp\/v2\/tags?post=567"}],"curies":[{"name":"wp","href":"https:\/\/api.w.org\/{rel}","templated":true}]}}